{"id":915,"date":"2026-01-12T23:18:04","date_gmt":"2026-01-12T22:18:04","guid":{"rendered":"http:\/\/www.photofellowship.de\/?p=915"},"modified":"2026-01-16T09:17:16","modified_gmt":"2026-01-16T08:17:16","slug":"bericht-ueber-die-photoreise-nach-limburg-a-d-lahn-im-november-2025","status":"publish","type":"post","link":"http:\/\/www.photofellowship.de\/?p=915","title":{"rendered":"Bericht \u00fcber die Photoreise nach Limburg a. d. Lahn im November 2025"},"content":{"rendered":"<p><img loading=\"lazy\" decoding=\"async\" class=\"alignnone size-large wp-image-922\" src=\"http:\/\/www.photofellowship.de\/wp-content\/uploads\/2026\/01\/2025-12-29-image001-1024x261.jpg\" alt=\"\" width=\"750\" height=\"191\" srcset=\"http:\/\/www.photofellowship.de\/wp-content\/uploads\/2026\/01\/2025-12-29-image001-1024x261.jpg 1024w, http:\/\/www.photofellowship.de\/wp-content\/uploads\/2026\/01\/2025-12-29-image001-300x77.jpg 300w, http:\/\/www.photofellowship.de\/wp-content\/uploads\/2026\/01\/2025-12-29-image001-768x196.jpg 768w, http:\/\/www.photofellowship.de\/wp-content\/uploads\/2026\/01\/2025-12-29-image001.jpg 1492w\" sizes=\"auto, (max-width: 750px) 100vw, 750px\" \/><\/p>\n<p>Vom 7. bis 9. November 2025 war <strong><u>Limburg a<\/u><\/strong><strong>. d. Lahn<\/strong>, f\u00fcr die Rotary-Fotofreunde ein Erlebnis der besonderen Art!<\/p>\n<p>Es begann mit einem besonderen Ereignis in Taunusstein: die Besichtigung der Glasmanufaktur <strong>DERIX. <\/strong>Hier wird seit 1866 Glaskunst f\u00fcr die ganze Welt hergestellt. Freischaffende K\u00fcnstler liefern bildhafte Vorlagen und Kunstwerke, die die Glasmanufaktur DERIX in Glas-Kunst-Werke umsetzt.<\/p>\n<p>1908 wurde ihr vom Vatikan der Titel \u201e<strong>P\u00e4pstliche Hofglasmalerei\u201c <\/strong>verliehen.<\/p>\n<p>Leider durften wir in den Werkst\u00e4tten nicht fotografieren, da die K\u00fcnstler, die die Vorlagen liefern, nicht vor der Fertigstellung der Glasfenster bereits in der \u00d6ffentlichkeit \u201egehandelt\u201c werden wollen. Die Schweigepflicht wollten wir wahren. Daf\u00fcr wurde umso mehr im Museum von DERIX fotografiert.<br \/>\nHier einige Impressionen:<img loading=\"lazy\" decoding=\"async\" class=\"alignnone size-large wp-image-923\" src=\"http:\/\/www.photofellowship.de\/wp-content\/uploads\/2026\/01\/2025-12-29-image002.jpg\" alt=\"\" width=\"587\" height=\"391\" srcset=\"http:\/\/www.photofellowship.de\/wp-content\/uploads\/2026\/01\/2025-12-29-image002.jpg 587w, http:\/\/www.photofellowship.de\/wp-content\/uploads\/2026\/01\/2025-12-29-image002-300x200.jpg 300w\" sizes=\"auto, (max-width: 587px) 100vw, 587px\" \/> <a href=\"http:\/\/www.photofellowship.de\/wp-content\/uploads\/2026\/01\/2025-12-29-image003-1.jpg\" data-rel=\"lightbox-image-0\" data-rl_title=\"\" data-rl_caption=\"\" title=\"\"><img loading=\"lazy\" decoding=\"async\" class=\"alignnone size-full wp-image-962\" src=\"http:\/\/www.photofellowship.de\/wp-content\/uploads\/2026\/01\/2025-12-29-image003-1.jpg\" alt=\"\" width=\"265\" height=\"397\" srcset=\"http:\/\/www.photofellowship.de\/wp-content\/uploads\/2026\/01\/2025-12-29-image003-1.jpg 265w, http:\/\/www.photofellowship.de\/wp-content\/uploads\/2026\/01\/2025-12-29-image003-1-200x300.jpg 200w\" sizes=\"auto, (max-width: 265px) 100vw, 265px\" \/><\/a> \u00a0<img loading=\"lazy\" decoding=\"async\" class=\"alignnone size-large wp-image-925\" src=\"http:\/\/www.photofellowship.de\/wp-content\/uploads\/2026\/01\/2025-12-29-image004.jpg\" alt=\"\" width=\"588\" height=\"392\" srcset=\"http:\/\/www.photofellowship.de\/wp-content\/uploads\/2026\/01\/2025-12-29-image004.jpg 588w, http:\/\/www.photofellowship.de\/wp-content\/uploads\/2026\/01\/2025-12-29-image004-300x200.jpg 300w\" sizes=\"auto, (max-width: 588px) 100vw, 588px\" \/><\/p>\n<p>Ein weiteres Highlight war der Besuch im Museum Reinhard Ernst, dem \u201eAbstrakte-Kunst-Museum\u201c in Wiesbaden. Reinhard Ernst ist Rotarier und hat dieses Museum ins Leben gerufen.<br \/>\nImpressionen aus der Herren-Toilette:<\/p>\n<p><img loading=\"lazy\" decoding=\"async\" class=\"alignnone size-large wp-image-926\" src=\"http:\/\/www.photofellowship.de\/wp-content\/uploads\/2026\/01\/2025-12-29-image005.jpg\" alt=\"\" width=\"602\" height=\"402\" srcset=\"http:\/\/www.photofellowship.de\/wp-content\/uploads\/2026\/01\/2025-12-29-image005.jpg 602w, http:\/\/www.photofellowship.de\/wp-content\/uploads\/2026\/01\/2025-12-29-image005-300x200.jpg 300w\" sizes=\"auto, (max-width: 602px) 100vw, 602px\" \/> <img loading=\"lazy\" decoding=\"async\" class=\"alignnone size-large wp-image-927\" src=\"http:\/\/www.photofellowship.de\/wp-content\/uploads\/2026\/01\/2025-12-29-image006.jpg\" alt=\"\" width=\"608\" height=\"406\" srcset=\"http:\/\/www.photofellowship.de\/wp-content\/uploads\/2026\/01\/2025-12-29-image006.jpg 608w, http:\/\/www.photofellowship.de\/wp-content\/uploads\/2026\/01\/2025-12-29-image006-300x200.jpg 300w\" sizes=\"auto, (max-width: 608px) 100vw, 608px\" \/><\/p>\n<p>Den ersten Kontakt mit <strong>Limburg<\/strong> bekamen wir abends \u2013 und wir kamen ins Schw\u00e4rmen f\u00fcr alte H\u00e4user und besonders f\u00fcrs Fachwerk.<\/p>\n<p><img loading=\"lazy\" decoding=\"async\" class=\"alignnone size-large wp-image-928\" src=\"http:\/\/www.photofellowship.de\/wp-content\/uploads\/2026\/01\/2025-12-29-image007.jpg\" alt=\"\" width=\"750\" height=\"535\" srcset=\"http:\/\/www.photofellowship.de\/wp-content\/uploads\/2026\/01\/2025-12-29-image007.jpg 909w, http:\/\/www.photofellowship.de\/wp-content\/uploads\/2026\/01\/2025-12-29-image007-300x214.jpg 300w, http:\/\/www.photofellowship.de\/wp-content\/uploads\/2026\/01\/2025-12-29-image007-768x547.jpg 768w\" sizes=\"auto, (max-width: 750px) 100vw, 750px\" \/> <img loading=\"lazy\" decoding=\"async\" class=\"alignnone size-large wp-image-929\" src=\"http:\/\/www.photofellowship.de\/wp-content\/uploads\/2026\/01\/2025-12-29-image008.jpg\" alt=\"\" width=\"432\" height=\"648\" srcset=\"http:\/\/www.photofellowship.de\/wp-content\/uploads\/2026\/01\/2025-12-29-image008.jpg 432w, http:\/\/www.photofellowship.de\/wp-content\/uploads\/2026\/01\/2025-12-29-image008-200x300.jpg 200w\" sizes=\"auto, (max-width: 432px) 100vw, 432px\" \/><\/p>\n<p>Nat\u00fcrlich hat Limburg tags\u00fcber auch seinen besonderen Reiz. Dabei war das tr\u00fcbe Wetter kein besonders guter Begleiter f\u00fcr unsere Foto-Tour durch Limburg, was man an den Fotos auch erkennen kann.<\/p>\n<p>Limburg liegt an der Lahn und hat seinen Ursprung in der Jungsteinzeit, um 5.000 v Chr. Unter Kaiser Augustus (55 v. Chr.) wurden zwei R\u00f6merlager errichtet. Auch die Kelten (um 700 v. Chr.) lebten auf dem heutigen Domberg.<br \/>\n910 n. Chr. wurde Limburg zum ersten Mal urkundlich erw\u00e4hnt. Um 940 wurde mit dem Bau des Doms begonnen. Der Heilige St. Georg ist der Namenspatron.<br \/>\nHeute ist Limburg eine Kreisstadt mit ca. 35.000 EW. Die Sanierung der Altstadt begann in den 1960-er Jahren. Heute ist Limburg eine der sch\u00f6nsten Fachwerkst\u00e4dte in Deutschland. Ein Foto-Exkursion ist eine Reise wert.<\/p>\n<p>Eine interessante Stadtf\u00fchrung durch Limburg inspirierte uns zum vielf\u00e4ltigen Fotografieren. Mit von der Partie waren (auf der Lahnbr\u00fccke mit Dom)<\/p>\n<p>&nbsp;<\/p>\n<p><img loading=\"lazy\" decoding=\"async\" class=\"alignnone size-large wp-image-930\" src=\"http:\/\/www.photofellowship.de\/wp-content\/uploads\/2026\/01\/2025-12-29-image009.jpg\" alt=\"\" width=\"750\" height=\"606\" srcset=\"http:\/\/www.photofellowship.de\/wp-content\/uploads\/2026\/01\/2025-12-29-image009.jpg 811w, http:\/\/www.photofellowship.de\/wp-content\/uploads\/2026\/01\/2025-12-29-image009-300x242.jpg 300w, http:\/\/www.photofellowship.de\/wp-content\/uploads\/2026\/01\/2025-12-29-image009-768x620.jpg 768w\" sizes=\"auto, (max-width: 750px) 100vw, 750px\" \/><\/p>\n<p><u>Von links:<br \/>\n<\/u>Bernhard Willim, RC Hattingen<br \/>\nMechtild Straub, RC Kronach<br \/>\nSebastian Gr\u00fctz, RC Hattingen<br \/>\nManfred und Kerstin, Sperschneider RC Kronach<br \/>\nHannes Dambacher, RC N\u00f6rdlingen<br \/>\nAxel Sch\u00e4fer, RC Neunkirchen\/Saar<br \/>\nHans Bendel, RC Limburg<br \/>\n<u>nicht auf dem Foto<\/u> der Fotograf: C. Stakelbeck, RC Bad Kreuznach-Nahetal<\/p>\n<p>Eine gro\u00dfe Hilfe war f\u00fcr uns Frd. Hans Bendel, RC Limburg. Unsere Stadtf\u00fchrerin versp\u00e4tete sich, und er \u00fcbernahm kurzfristig die Stadt-F\u00fchrung.<br \/>\nHerzlichen Dank daf\u00fcr!<\/p>\n<p><img loading=\"lazy\" decoding=\"async\" class=\"alignnone size-large wp-image-932\" src=\"http:\/\/www.photofellowship.de\/wp-content\/uploads\/2026\/01\/2025-12-29-image011.jpg\" alt=\"\" width=\"468\" height=\"674\" srcset=\"http:\/\/www.photofellowship.de\/wp-content\/uploads\/2026\/01\/2025-12-29-image011.jpg 468w, http:\/\/www.photofellowship.de\/wp-content\/uploads\/2026\/01\/2025-12-29-image011-208x300.jpg 208w\" sizes=\"auto, (max-width: 468px) 100vw, 468px\" \/>\u00a0<img loading=\"lazy\" decoding=\"async\" class=\"alignnone size-large wp-image-931\" src=\"http:\/\/www.photofellowship.de\/wp-content\/uploads\/2026\/01\/2025-12-29-image010.jpg\" alt=\"\" width=\"477\" height=\"686\" srcset=\"http:\/\/www.photofellowship.de\/wp-content\/uploads\/2026\/01\/2025-12-29-image010.jpg 477w, http:\/\/www.photofellowship.de\/wp-content\/uploads\/2026\/01\/2025-12-29-image010-209x300.jpg 209w\" sizes=\"auto, (max-width: 477px) 100vw, 477px\" \/> <img loading=\"lazy\" decoding=\"async\" class=\"alignnone size-large wp-image-933\" src=\"http:\/\/www.photofellowship.de\/wp-content\/uploads\/2026\/01\/2025-12-29-image012.jpg\" alt=\"\" width=\"445\" height=\"676\" srcset=\"http:\/\/www.photofellowship.de\/wp-content\/uploads\/2026\/01\/2025-12-29-image012.jpg 445w, http:\/\/www.photofellowship.de\/wp-content\/uploads\/2026\/01\/2025-12-29-image012-197x300.jpg 197w\" sizes=\"auto, (max-width: 445px) 100vw, 445px\" \/><\/p>\n<p>\u2026Impressionen einer Stadtf\u00fchrung\u2026<\/p>\n<p><img loading=\"lazy\" decoding=\"async\" class=\"alignnone size-large wp-image-934\" src=\"http:\/\/www.photofellowship.de\/wp-content\/uploads\/2026\/01\/2025-12-29-image013.jpg\" alt=\"\" width=\"652\" height=\"923\" srcset=\"http:\/\/www.photofellowship.de\/wp-content\/uploads\/2026\/01\/2025-12-29-image013.jpg 652w, http:\/\/www.photofellowship.de\/wp-content\/uploads\/2026\/01\/2025-12-29-image013-212x300.jpg 212w\" sizes=\"auto, (max-width: 652px) 100vw, 652px\" \/> <img loading=\"lazy\" decoding=\"async\" class=\"alignnone size-large wp-image-935\" src=\"http:\/\/www.photofellowship.de\/wp-content\/uploads\/2026\/01\/2025-12-29-image014.jpg\" alt=\"\" width=\"466\" height=\"635\" srcset=\"http:\/\/www.photofellowship.de\/wp-content\/uploads\/2026\/01\/2025-12-29-image014.jpg 466w, http:\/\/www.photofellowship.de\/wp-content\/uploads\/2026\/01\/2025-12-29-image014-220x300.jpg 220w\" sizes=\"auto, (max-width: 466px) 100vw, 466px\" \/> <img loading=\"lazy\" decoding=\"async\" class=\"alignnone size-large wp-image-936\" src=\"http:\/\/www.photofellowship.de\/wp-content\/uploads\/2026\/01\/2025-12-29-image015-1024x394.jpg\" alt=\"\" width=\"750\" height=\"289\" srcset=\"http:\/\/www.photofellowship.de\/wp-content\/uploads\/2026\/01\/2025-12-29-image015-1024x394.jpg 1024w, http:\/\/www.photofellowship.de\/wp-content\/uploads\/2026\/01\/2025-12-29-image015-300x115.jpg 300w, http:\/\/www.photofellowship.de\/wp-content\/uploads\/2026\/01\/2025-12-29-image015-768x295.jpg 768w, http:\/\/www.photofellowship.de\/wp-content\/uploads\/2026\/01\/2025-12-29-image015.jpg 1456w\" sizes=\"auto, (max-width: 750px) 100vw, 750px\" \/><\/p>\n<p>Limburg mit seiner wunderbaren Altstadt verf\u00fchrt\u2026<\/p>\n<p><a href=\"http:\/\/www.photofellowship.de\/wp-content\/uploads\/2026\/01\/2025-12-29-image016.jpg\" data-rel=\"lightbox-image-1\" data-rl_title=\"\" data-rl_caption=\"\" title=\"\"><img loading=\"lazy\" decoding=\"async\" class=\"alignnone size-large wp-image-937\" src=\"http:\/\/www.photofellowship.de\/wp-content\/uploads\/2026\/01\/2025-12-29-image016-430x1024.jpg\" alt=\"\" width=\"430\" height=\"1024\" srcset=\"http:\/\/www.photofellowship.de\/wp-content\/uploads\/2026\/01\/2025-12-29-image016-430x1024.jpg 430w, http:\/\/www.photofellowship.de\/wp-content\/uploads\/2026\/01\/2025-12-29-image016-126x300.jpg 126w, http:\/\/www.photofellowship.de\/wp-content\/uploads\/2026\/01\/2025-12-29-image016.jpg 613w\" sizes=\"auto, (max-width: 430px) 100vw, 430px\" \/><\/a> <img loading=\"lazy\" decoding=\"async\" class=\"alignnone size-large wp-image-938\" src=\"http:\/\/www.photofellowship.de\/wp-content\/uploads\/2026\/01\/2025-12-29-image017-684x1024.jpg\" alt=\"\" width=\"684\" height=\"1024\" srcset=\"http:\/\/www.photofellowship.de\/wp-content\/uploads\/2026\/01\/2025-12-29-image017-684x1024.jpg 684w, http:\/\/www.photofellowship.de\/wp-content\/uploads\/2026\/01\/2025-12-29-image017-200x300.jpg 200w, http:\/\/www.photofellowship.de\/wp-content\/uploads\/2026\/01\/2025-12-29-image017-768x1150.jpg 768w, http:\/\/www.photofellowship.de\/wp-content\/uploads\/2026\/01\/2025-12-29-image017.jpg 1004w\" sizes=\"auto, (max-width: 684px) 100vw, 684px\" \/> <img loading=\"lazy\" decoding=\"async\" class=\"alignnone size-large wp-image-939\" src=\"http:\/\/www.photofellowship.de\/wp-content\/uploads\/2026\/01\/2025-12-29-image018-1024x592.jpg\" alt=\"\" width=\"750\" height=\"434\" srcset=\"http:\/\/www.photofellowship.de\/wp-content\/uploads\/2026\/01\/2025-12-29-image018-1024x592.jpg 1024w, http:\/\/www.photofellowship.de\/wp-content\/uploads\/2026\/01\/2025-12-29-image018-300x174.jpg 300w, http:\/\/www.photofellowship.de\/wp-content\/uploads\/2026\/01\/2025-12-29-image018-768x444.jpg 768w, http:\/\/www.photofellowship.de\/wp-content\/uploads\/2026\/01\/2025-12-29-image018.jpg 1091w\" sizes=\"auto, (max-width: 750px) 100vw, 750px\" \/><\/p>\n<p>Die Nord-West-Seite des Doms<\/p>\n<p><img loading=\"lazy\" decoding=\"async\" class=\"alignnone size-large wp-image-940\" src=\"http:\/\/www.photofellowship.de\/wp-content\/uploads\/2026\/01\/2025-12-29-image019-621x1024.jpg\" alt=\"\" width=\"621\" height=\"1024\" srcset=\"http:\/\/www.photofellowship.de\/wp-content\/uploads\/2026\/01\/2025-12-29-image019-621x1024.jpg 621w, http:\/\/www.photofellowship.de\/wp-content\/uploads\/2026\/01\/2025-12-29-image019-182x300.jpg 182w, http:\/\/www.photofellowship.de\/wp-content\/uploads\/2026\/01\/2025-12-29-image019.jpg 646w\" sizes=\"auto, (max-width: 621px) 100vw, 621px\" \/><\/p>\n<p>&nbsp;<\/p>\n<p>\u2026die gewaltige Dom-Orgel\u2026<\/p>\n<p><img loading=\"lazy\" decoding=\"async\" class=\"alignnone size-large wp-image-941\" src=\"http:\/\/www.photofellowship.de\/wp-content\/uploads\/2026\/01\/2025-12-29-image020-722x1024.jpg\" alt=\"\" width=\"722\" height=\"1024\" srcset=\"http:\/\/www.photofellowship.de\/wp-content\/uploads\/2026\/01\/2025-12-29-image020-722x1024.jpg 722w, http:\/\/www.photofellowship.de\/wp-content\/uploads\/2026\/01\/2025-12-29-image020-211x300.jpg 211w, http:\/\/www.photofellowship.de\/wp-content\/uploads\/2026\/01\/2025-12-29-image020.jpg 743w\" sizes=\"auto, (max-width: 722px) 100vw, 722px\" \/><\/p>\n<p>\u2026der Dom St. Georg \u00fcberstrahlt alles\u2026<\/p>\n<p><img loading=\"lazy\" decoding=\"async\" class=\"alignnone size-large wp-image-942\" src=\"http:\/\/www.photofellowship.de\/wp-content\/uploads\/2026\/01\/2025-12-29-image021-1024x667.jpg\" alt=\"\" width=\"750\" height=\"489\" srcset=\"http:\/\/www.photofellowship.de\/wp-content\/uploads\/2026\/01\/2025-12-29-image021-1024x667.jpg 1024w, http:\/\/www.photofellowship.de\/wp-content\/uploads\/2026\/01\/2025-12-29-image021-300x195.jpg 300w, http:\/\/www.photofellowship.de\/wp-content\/uploads\/2026\/01\/2025-12-29-image021-768x500.jpg 768w, http:\/\/www.photofellowship.de\/wp-content\/uploads\/2026\/01\/2025-12-29-image021.jpg 1421w\" sizes=\"auto, (max-width: 750px) 100vw, 750px\" \/><\/p>\n<p>&nbsp;<\/p>\n<p>Das j\u00fcdische Bad und seine Reste.<\/p>\n<p><img loading=\"lazy\" decoding=\"async\" class=\"alignnone wp-image-943\" src=\"http:\/\/www.photofellowship.de\/wp-content\/uploads\/2026\/01\/2025-12-29-image022-683x1024.jpg\" alt=\"\" width=\"534\" height=\"801\" srcset=\"http:\/\/www.photofellowship.de\/wp-content\/uploads\/2026\/01\/2025-12-29-image022-683x1024.jpg 683w, http:\/\/www.photofellowship.de\/wp-content\/uploads\/2026\/01\/2025-12-29-image022-200x300.jpg 200w, http:\/\/www.photofellowship.de\/wp-content\/uploads\/2026\/01\/2025-12-29-image022.jpg 716w\" sizes=\"auto, (max-width: 534px) 100vw, 534px\" \/><\/p>\n<p>&nbsp;<\/p>\n<p>Tebartz van Elst hat eine wunderbare Kapelle initiiert.<\/p>\n<p><img loading=\"lazy\" decoding=\"async\" class=\"alignnone wp-image-944\" src=\"http:\/\/www.photofellowship.de\/wp-content\/uploads\/2026\/01\/2025-12-29-image023-586x1024.jpg\" alt=\"\" width=\"280\" height=\"489\" srcset=\"http:\/\/www.photofellowship.de\/wp-content\/uploads\/2026\/01\/2025-12-29-image023-586x1024.jpg 586w, http:\/\/www.photofellowship.de\/wp-content\/uploads\/2026\/01\/2025-12-29-image023-172x300.jpg 172w, http:\/\/www.photofellowship.de\/wp-content\/uploads\/2026\/01\/2025-12-29-image023.jpg 605w\" sizes=\"auto, (max-width: 280px) 100vw, 280px\" \/><\/p>\n<p>&nbsp;<\/p>\n<p>\u2026zu unserer gro\u00dfen Freude haben wir mit einer Nachw\u00e4chtertour unser Foto-Event Limburg abgeschlossen\u2026<\/p>\n<p><img loading=\"lazy\" decoding=\"async\" class=\"alignnone size-large wp-image-945\" src=\"http:\/\/www.photofellowship.de\/wp-content\/uploads\/2026\/01\/2025-12-29-image024.jpg\" alt=\"\" width=\"656\" height=\"907\" srcset=\"http:\/\/www.photofellowship.de\/wp-content\/uploads\/2026\/01\/2025-12-29-image024.jpg 656w, http:\/\/www.photofellowship.de\/wp-content\/uploads\/2026\/01\/2025-12-29-image024-217x300.jpg 217w\" sizes=\"auto, (max-width: 656px) 100vw, 656px\" \/><\/p>\n<p>Unser Foto-Abenteuer Limburg fand am letzten Tag (immer sonntags) ein sehr sch\u00f6nes Ende \u2013 mit der Nachbetrachtung unserer Fotos. Jeder Teilnehmer konnte 3 Fotos seiner Wahl vorstellen und besprechen.<br \/>\nMindestens ein Foto davon ist unter diesem Bericht zu sehen.<\/p>\n<p>27. 12. 2025<br \/>\nChristian Stakelbeck<br \/>\nSekret\u00e4r Rotary Photo-Fellowship<\/p>\n<hr \/>\n<figure id=\"attachment_957\" aria-describedby=\"caption-attachment-957\" style=\"width: 750px\" class=\"wp-caption alignnone\"><img loading=\"lazy\" decoding=\"async\" class=\"size-large wp-image-957\" src=\"http:\/\/www.photofellowship.de\/wp-content\/uploads\/2026\/01\/2025-12-28-Sebastian-Gruetz-Kirche-Bischof-Elz-und-KI-generiert-1024x724.jpg\" alt=\"Sebastian Gr\u00fctz, \u2026Dom spiegelt sich in der Nahe und Herbstansicht Limburg\u2026(KI generiert)\" width=\"750\" height=\"530\" srcset=\"http:\/\/www.photofellowship.de\/wp-content\/uploads\/2026\/01\/2025-12-28-Sebastian-Gruetz-Kirche-Bischof-Elz-und-KI-generiert-1024x724.jpg 1024w, http:\/\/www.photofellowship.de\/wp-content\/uploads\/2026\/01\/2025-12-28-Sebastian-Gruetz-Kirche-Bischof-Elz-und-KI-generiert-300x212.jpg 300w, http:\/\/www.photofellowship.de\/wp-content\/uploads\/2026\/01\/2025-12-28-Sebastian-Gruetz-Kirche-Bischof-Elz-und-KI-generiert-768x543.jpg 768w, http:\/\/www.photofellowship.de\/wp-content\/uploads\/2026\/01\/2025-12-28-Sebastian-Gruetz-Kirche-Bischof-Elz-und-KI-generiert-1536x1086.jpg 1536w, http:\/\/www.photofellowship.de\/wp-content\/uploads\/2026\/01\/2025-12-28-Sebastian-Gruetz-Kirche-Bischof-Elz-und-KI-generiert-2048x1448.jpg 2048w\" sizes=\"auto, (max-width: 750px) 100vw, 750px\" \/><figcaption id=\"caption-attachment-957\" class=\"wp-caption-text\">Sebastian Gr\u00fctz, \u2026Dom spiegelt sich in der Lahn und Herbstansicht Limburg\u2026(KI generiert)<\/figcaption><\/figure>\n<figure id=\"attachment_956\" aria-describedby=\"caption-attachment-956\" style=\"width: 685px\" class=\"wp-caption alignnone\"><a href=\"http:\/\/www.photofellowship.de\/wp-content\/uploads\/2026\/01\/2025-12-28-Peter-Martin-Derix-Fwnster-scaled.jpg\" data-rel=\"lightbox-image-2\" data-rl_title=\"\" data-rl_caption=\"\" title=\"\"><img loading=\"lazy\" decoding=\"async\" class=\"size-large wp-image-956\" src=\"http:\/\/www.photofellowship.de\/wp-content\/uploads\/2026\/01\/2025-12-28-Peter-Martin-Derix-Fwnster-685x1024.jpg\" alt=\"Peter-Martin Lay, \u2026Glasbild bei DERIX\u2026\" width=\"685\" height=\"1024\" srcset=\"http:\/\/www.photofellowship.de\/wp-content\/uploads\/2026\/01\/2025-12-28-Peter-Martin-Derix-Fwnster-685x1024.jpg 685w, http:\/\/www.photofellowship.de\/wp-content\/uploads\/2026\/01\/2025-12-28-Peter-Martin-Derix-Fwnster-201x300.jpg 201w, http:\/\/www.photofellowship.de\/wp-content\/uploads\/2026\/01\/2025-12-28-Peter-Martin-Derix-Fwnster-768x1147.jpg 768w, http:\/\/www.photofellowship.de\/wp-content\/uploads\/2026\/01\/2025-12-28-Peter-Martin-Derix-Fwnster-1028x1536.jpg 1028w, http:\/\/www.photofellowship.de\/wp-content\/uploads\/2026\/01\/2025-12-28-Peter-Martin-Derix-Fwnster-1371x2048.jpg 1371w, http:\/\/www.photofellowship.de\/wp-content\/uploads\/2026\/01\/2025-12-28-Peter-Martin-Derix-Fwnster-scaled.jpg 1714w\" sizes=\"auto, (max-width: 685px) 100vw, 685px\" \/><\/a><figcaption id=\"caption-attachment-956\" class=\"wp-caption-text\">Peter-Martin Lay, \u2026Glasbild bei DERIX\u2026<\/figcaption><\/figure>\n<figure id=\"attachment_955\" aria-describedby=\"caption-attachment-955\" style=\"width: 750px\" class=\"wp-caption alignnone\"><a href=\"http:\/\/www.photofellowship.de\/wp-content\/uploads\/2026\/01\/2025-12-28-Mechtild-Straub-Fachwerk-mit-Feuerschutz-scaled.jpg\" data-rel=\"lightbox-image-3\" data-rl_title=\"\" data-rl_caption=\"\" title=\"\"><img loading=\"lazy\" decoding=\"async\" class=\"size-large wp-image-955\" src=\"http:\/\/www.photofellowship.de\/wp-content\/uploads\/2026\/01\/2025-12-28-Mechtild-Straub-Fachwerk-mit-Feuerschutz-1024x768.jpg\" alt=\"Mechtild Straub - \u2026Fachwerk mit Feuerschutz\u2026\" width=\"750\" height=\"563\" srcset=\"http:\/\/www.photofellowship.de\/wp-content\/uploads\/2026\/01\/2025-12-28-Mechtild-Straub-Fachwerk-mit-Feuerschutz-1024x768.jpg 1024w, http:\/\/www.photofellowship.de\/wp-content\/uploads\/2026\/01\/2025-12-28-Mechtild-Straub-Fachwerk-mit-Feuerschutz-300x225.jpg 300w, http:\/\/www.photofellowship.de\/wp-content\/uploads\/2026\/01\/2025-12-28-Mechtild-Straub-Fachwerk-mit-Feuerschutz-768x576.jpg 768w, http:\/\/www.photofellowship.de\/wp-content\/uploads\/2026\/01\/2025-12-28-Mechtild-Straub-Fachwerk-mit-Feuerschutz-1536x1152.jpg 1536w, http:\/\/www.photofellowship.de\/wp-content\/uploads\/2026\/01\/2025-12-28-Mechtild-Straub-Fachwerk-mit-Feuerschutz-2048x1536.jpg 2048w\" sizes=\"auto, (max-width: 750px) 100vw, 750px\" \/><\/a><figcaption id=\"caption-attachment-955\" class=\"wp-caption-text\">Mechtild Straub &#8211; \u2026Fachwerk mit Feuerschutz\u2026<\/figcaption><\/figure>\n<figure id=\"attachment_954\" aria-describedby=\"caption-attachment-954\" style=\"width: 750px\" class=\"wp-caption alignnone\"><a href=\"http:\/\/www.photofellowship.de\/wp-content\/uploads\/2026\/01\/2025-12-28-Kerstin-Sperschneider-Dom-scaled.jpg\" data-rel=\"lightbox-image-4\" data-rl_title=\"\" data-rl_caption=\"\" title=\"\"><img loading=\"lazy\" decoding=\"async\" class=\"size-large wp-image-954\" src=\"http:\/\/www.photofellowship.de\/wp-content\/uploads\/2026\/01\/2025-12-28-Kerstin-Sperschneider-Dom-1024x768.jpg\" alt=\"Kerstin Sperschneider, \u2026Dom, Lahn und Zerrtechnik\u2026\" width=\"750\" height=\"563\" srcset=\"http:\/\/www.photofellowship.de\/wp-content\/uploads\/2026\/01\/2025-12-28-Kerstin-Sperschneider-Dom-1024x768.jpg 1024w, http:\/\/www.photofellowship.de\/wp-content\/uploads\/2026\/01\/2025-12-28-Kerstin-Sperschneider-Dom-300x225.jpg 300w, http:\/\/www.photofellowship.de\/wp-content\/uploads\/2026\/01\/2025-12-28-Kerstin-Sperschneider-Dom-768x576.jpg 768w, http:\/\/www.photofellowship.de\/wp-content\/uploads\/2026\/01\/2025-12-28-Kerstin-Sperschneider-Dom-1536x1152.jpg 1536w, http:\/\/www.photofellowship.de\/wp-content\/uploads\/2026\/01\/2025-12-28-Kerstin-Sperschneider-Dom-2048x1536.jpg 2048w\" sizes=\"auto, (max-width: 750px) 100vw, 750px\" \/><\/a><figcaption id=\"caption-attachment-954\" class=\"wp-caption-text\">Kerstin Sperschneider, \u2026Dom, Lahn und Zerrtechnik\u2026<\/figcaption><\/figure>\n<figure id=\"attachment_953\" aria-describedby=\"caption-attachment-953\" style=\"width: 750px\" class=\"wp-caption alignnone\"><a href=\"http:\/\/www.photofellowship.de\/wp-content\/uploads\/2026\/01\/2025-12-28-Hannes-Dambacher-Ueberblendungen-scaled.jpg\" data-rel=\"lightbox-image-5\" data-rl_title=\"\" data-rl_caption=\"\" title=\"\"><img loading=\"lazy\" decoding=\"async\" class=\"size-large wp-image-953\" src=\"http:\/\/www.photofellowship.de\/wp-content\/uploads\/2026\/01\/2025-12-28-Hannes-Dambacher-Ueberblendungen-1024x683.jpg\" alt=\"Hannes Dambacher, \u2026\u00dcberblendungen\u2026\" width=\"750\" height=\"500\" srcset=\"http:\/\/www.photofellowship.de\/wp-content\/uploads\/2026\/01\/2025-12-28-Hannes-Dambacher-Ueberblendungen-1024x683.jpg 1024w, http:\/\/www.photofellowship.de\/wp-content\/uploads\/2026\/01\/2025-12-28-Hannes-Dambacher-Ueberblendungen-300x200.jpg 300w, http:\/\/www.photofellowship.de\/wp-content\/uploads\/2026\/01\/2025-12-28-Hannes-Dambacher-Ueberblendungen-768x512.jpg 768w, http:\/\/www.photofellowship.de\/wp-content\/uploads\/2026\/01\/2025-12-28-Hannes-Dambacher-Ueberblendungen-1536x1024.jpg 1536w, http:\/\/www.photofellowship.de\/wp-content\/uploads\/2026\/01\/2025-12-28-Hannes-Dambacher-Ueberblendungen-2048x1365.jpg 2048w\" sizes=\"auto, (max-width: 750px) 100vw, 750px\" \/><\/a><figcaption id=\"caption-attachment-953\" class=\"wp-caption-text\">Hannes Dambacher, \u2026\u00dcberblendungen\u2026<\/figcaption><\/figure>\n<figure id=\"attachment_952\" aria-describedby=\"caption-attachment-952\" style=\"width: 750px\" class=\"wp-caption alignnone\"><a href=\"http:\/\/www.photofellowship.de\/wp-content\/uploads\/2026\/01\/2025-12-28-Christian-Stakelbeck-Spiegelung-Dom-Lahn-scaled.jpg\" data-rel=\"lightbox-image-6\" data-rl_title=\"\" data-rl_caption=\"\" title=\"\"><img loading=\"lazy\" decoding=\"async\" class=\"size-large wp-image-952\" src=\"http:\/\/www.photofellowship.de\/wp-content\/uploads\/2026\/01\/2025-12-28-Christian-Stakelbeck-Spiegelung-Dom-Lahn-1024x683.jpg\" alt=\"Christian Stakelbeck, \u2026 Spiegelung des Doms in der Lahn\u2026\" width=\"750\" height=\"500\" srcset=\"http:\/\/www.photofellowship.de\/wp-content\/uploads\/2026\/01\/2025-12-28-Christian-Stakelbeck-Spiegelung-Dom-Lahn-1024x683.jpg 1024w, http:\/\/www.photofellowship.de\/wp-content\/uploads\/2026\/01\/2025-12-28-Christian-Stakelbeck-Spiegelung-Dom-Lahn-300x200.jpg 300w, http:\/\/www.photofellowship.de\/wp-content\/uploads\/2026\/01\/2025-12-28-Christian-Stakelbeck-Spiegelung-Dom-Lahn-768x512.jpg 768w, http:\/\/www.photofellowship.de\/wp-content\/uploads\/2026\/01\/2025-12-28-Christian-Stakelbeck-Spiegelung-Dom-Lahn-1536x1024.jpg 1536w, http:\/\/www.photofellowship.de\/wp-content\/uploads\/2026\/01\/2025-12-28-Christian-Stakelbeck-Spiegelung-Dom-Lahn-2048x1365.jpg 2048w\" sizes=\"auto, (max-width: 750px) 100vw, 750px\" \/><\/a><figcaption id=\"caption-attachment-952\" class=\"wp-caption-text\">Christian Stakelbeck, \u2026 Spiegelung des Doms in der Lahn\u2026<\/figcaption><\/figure>\n<figure id=\"attachment_951\" aria-describedby=\"caption-attachment-951\" style=\"width: 750px\" class=\"wp-caption alignnone\"><a href=\"http:\/\/www.photofellowship.de\/wp-content\/uploads\/2026\/01\/2025-12-28-Bernhard-Willim-alt-und-neu-scaled.jpg\" data-rel=\"lightbox-image-7\" data-rl_title=\"\" data-rl_caption=\"\" title=\"\"><img loading=\"lazy\" decoding=\"async\" class=\"size-large wp-image-951\" src=\"http:\/\/www.photofellowship.de\/wp-content\/uploads\/2026\/01\/2025-12-28-Bernhard-Willim-alt-und-neu-768x1024.jpg\" alt=\"Bernhard Willim, \u2026alt und neu\u2026\" width=\"750\" height=\"1000\" srcset=\"http:\/\/www.photofellowship.de\/wp-content\/uploads\/2026\/01\/2025-12-28-Bernhard-Willim-alt-und-neu-768x1024.jpg 768w, http:\/\/www.photofellowship.de\/wp-content\/uploads\/2026\/01\/2025-12-28-Bernhard-Willim-alt-und-neu-225x300.jpg 225w, http:\/\/www.photofellowship.de\/wp-content\/uploads\/2026\/01\/2025-12-28-Bernhard-Willim-alt-und-neu-1152x1536.jpg 1152w, http:\/\/www.photofellowship.de\/wp-content\/uploads\/2026\/01\/2025-12-28-Bernhard-Willim-alt-und-neu-1536x2048.jpg 1536w, http:\/\/www.photofellowship.de\/wp-content\/uploads\/2026\/01\/2025-12-28-Bernhard-Willim-alt-und-neu-scaled.jpg 1920w\" sizes=\"auto, (max-width: 750px) 100vw, 750px\" \/><\/a><figcaption id=\"caption-attachment-951\" class=\"wp-caption-text\">Bernhard Willim, \u2026alt und neu\u2026<\/figcaption><\/figure>\n<figure id=\"attachment_949\" aria-describedby=\"caption-attachment-949\" style=\"width: 750px\" class=\"wp-caption alignnone\"><a href=\"http:\/\/www.photofellowship.de\/wp-content\/uploads\/2026\/01\/2025-12-28-Axel-Schaefer-Lahnbruecke-scaled.jpg\" data-rel=\"lightbox-image-8\" data-rl_title=\"\" data-rl_caption=\"\" title=\"\"><img loading=\"lazy\" decoding=\"async\" class=\"size-large wp-image-949\" src=\"http:\/\/www.photofellowship.de\/wp-content\/uploads\/2026\/01\/2025-12-28-Axel-Schaefer-Lahnbruecke-1024x683.jpg\" alt=\"Axel Sch\u00e4fer - Lahnbr\u00fccke\" width=\"750\" height=\"500\" srcset=\"http:\/\/www.photofellowship.de\/wp-content\/uploads\/2026\/01\/2025-12-28-Axel-Schaefer-Lahnbruecke-1024x683.jpg 1024w, http:\/\/www.photofellowship.de\/wp-content\/uploads\/2026\/01\/2025-12-28-Axel-Schaefer-Lahnbruecke-300x200.jpg 300w, http:\/\/www.photofellowship.de\/wp-content\/uploads\/2026\/01\/2025-12-28-Axel-Schaefer-Lahnbruecke-768x512.jpg 768w, http:\/\/www.photofellowship.de\/wp-content\/uploads\/2026\/01\/2025-12-28-Axel-Schaefer-Lahnbruecke-1536x1024.jpg 1536w, http:\/\/www.photofellowship.de\/wp-content\/uploads\/2026\/01\/2025-12-28-Axel-Schaefer-Lahnbruecke-2048x1365.jpg 2048w\" sizes=\"auto, (max-width: 750px) 100vw, 750px\" \/><\/a><figcaption id=\"caption-attachment-949\" class=\"wp-caption-text\">Axel Sch\u00e4fer &#8211; Lahnbr\u00fccke<\/figcaption><\/figure>\n<figure id=\"attachment_948\" aria-describedby=\"caption-attachment-948\" style=\"width: 683px\" class=\"wp-caption alignnone\"><a href=\"http:\/\/www.photofellowship.de\/wp-content\/uploads\/2026\/01\/2025-12-28-Axel-Schaefer-verschrobene-Welt-des-Tebartz-van-Elst-scaled.jpg\" data-rel=\"lightbox-image-9\" data-rl_title=\"\" data-rl_caption=\"\" title=\"\"><img loading=\"lazy\" decoding=\"async\" class=\"size-large wp-image-948\" src=\"http:\/\/www.photofellowship.de\/wp-content\/uploads\/2026\/01\/2025-12-28-Axel-Schaefer-verschrobene-Welt-des-Tebartz-van-Elst-683x1024.jpg\" alt=\"Axel Sch\u00e4fer, Blick aus einem Domfenster auf den Bischofssitz\" width=\"683\" height=\"1024\" srcset=\"http:\/\/www.photofellowship.de\/wp-content\/uploads\/2026\/01\/2025-12-28-Axel-Schaefer-verschrobene-Welt-des-Tebartz-van-Elst-683x1024.jpg 683w, http:\/\/www.photofellowship.de\/wp-content\/uploads\/2026\/01\/2025-12-28-Axel-Schaefer-verschrobene-Welt-des-Tebartz-van-Elst-200x300.jpg 200w, http:\/\/www.photofellowship.de\/wp-content\/uploads\/2026\/01\/2025-12-28-Axel-Schaefer-verschrobene-Welt-des-Tebartz-van-Elst-768x1152.jpg 768w, http:\/\/www.photofellowship.de\/wp-content\/uploads\/2026\/01\/2025-12-28-Axel-Schaefer-verschrobene-Welt-des-Tebartz-van-Elst-1024x1536.jpg 1024w, http:\/\/www.photofellowship.de\/wp-content\/uploads\/2026\/01\/2025-12-28-Axel-Schaefer-verschrobene-Welt-des-Tebartz-van-Elst-1365x2048.jpg 1365w, http:\/\/www.photofellowship.de\/wp-content\/uploads\/2026\/01\/2025-12-28-Axel-Schaefer-verschrobene-Welt-des-Tebartz-van-Elst-scaled.jpg 1707w\" sizes=\"auto, (max-width: 683px) 100vw, 683px\" \/><\/a><figcaption id=\"caption-attachment-948\" class=\"wp-caption-text\">Axel Sch\u00e4fer, Blick aus einem Domfenster auf den Bischofssitz<\/figcaption><\/figure>\n","protected":false},"excerpt":{"rendered":"<p>Vom 7. bis 9. November 2025 war Limburg a. d. Lahn, f\u00fcr die Rotary-Fotofreunde ein Erlebnis der besonderen Art! Es begann mit einem besonderen Ereignis in Taunusstein: die Besichtigung der Glasmanufaktur DERIX. Hier wird seit 1866 Glaskunst f\u00fcr die ganze<\/p>\n","protected":false},"author":2,"featured_media":0,"comment_status":"open","ping_status":"open","sticky":false,"template":"","format":"standard","meta":{"footnotes":""},"categories":[1,4],"tags":[],"class_list":["post-915","post","type-post","status-publish","format-standard","hentry","category-allgemein","category-berichte"],"_links":{"self":[{"href":"http:\/\/www.photofellowship.de\/index.php?rest_route=\/wp\/v2\/posts\/915","targetHints":{"allow":["GET"]}}],"collection":[{"href":"http:\/\/www.photofellowship.de\/index.php?rest_route=\/wp\/v2\/posts"}],"about":[{"href":"http:\/\/www.photofellowship.de\/index.php?rest_route=\/wp\/v2\/types\/post"}],"author":[{"embeddable":true,"href":"http:\/\/www.photofellowship.de\/index.php?rest_route=\/wp\/v2\/users\/2"}],"replies":[{"embeddable":true,"href":"http:\/\/www.photofellowship.de\/index.php?rest_route=%2Fwp%2Fv2%2Fcomments&post=915"}],"version-history":[{"count":16,"href":"http:\/\/www.photofellowship.de\/index.php?rest_route=\/wp\/v2\/posts\/915\/revisions"}],"predecessor-version":[{"id":968,"href":"http:\/\/www.photofellowship.de\/index.php?rest_route=\/wp\/v2\/posts\/915\/revisions\/968"}],"wp:attachment":[{"href":"http:\/\/www.photofellowship.de\/index.php?rest_route=%2Fwp%2Fv2%2Fmedia&parent=915"}],"wp:term":[{"taxonomy":"category","embeddable":true,"href":"http:\/\/www.photofellowship.de\/index.php?rest_route=%2Fwp%2Fv2%2Fcategories&post=915"},{"taxonomy":"post_tag","embeddable":true,"href":"http:\/\/www.photofellowship.de\/index.php?rest_route=%2Fwp%2Fv2%2Ftags&post=915"}],"curies":[{"name":"wp","href":"https:\/\/api.w.org\/{rel}","templated":true}]}}