{"id":806,"date":"2025-03-29T10:17:34","date_gmt":"2025-03-29T09:17:34","guid":{"rendered":"http:\/\/www.photofellowship.de\/?p=806"},"modified":"2025-05-07T15:27:29","modified_gmt":"2025-05-07T13:27:29","slug":"rotary-photo-fellowship-auf-nach-bamberg","status":"publish","type":"post","link":"http:\/\/www.photofellowship.de\/?p=806","title":{"rendered":"Rotary Photo Fellowship &#8211; auf nach Bamberg"},"content":{"rendered":"<p><strong>Die Weltkulturerbe-Stadt, das Licht, der Dom, Kunst und Kultur lockten Fotografen der Rotary Photo-Fellowship an.<\/strong><\/p>\n<p><em>Kerstin Sperschneider, RC Kronau, Schatzmeisterin der Photo-Fellowship<\/em>, zeigte ihr bestes Organisationstalent.<br \/>\nMan k\u00f6nnte in episch langer Weise \u00fcber Bamberg schreiben. Ich begn\u00fcge mich mit der Kurzfassung.<br \/>\nEssen und Trinken war sehr gut, Klein-Venedig mit den verwinkelten Gassen und den kleinen Kan\u00e4len f\u00fchrte uns in eine etwas andere Welt der Vergangenheit. Die Dombesichtigung war exzellent vorbereitet und der Gang in die Bierunterwelt von Bamberg ein Abenteuer der besonderen Art. Ein Juwel in der Altstadt, die St. Elisabeth-Kapelle mit ihren farbenfrohen Fenstern, die das Leben der Heiligen Elisabeth darstellt, hat uns sehr beeindruckt. Diese \u00fcberaus eindrucksvollen Glasfenster wurden von Markus L\u00fcpertz geschaffen.<\/p>\n<p>Waren es am Anreisetag nur etwa 3 km, die wir durch Bamberg gelaufen sind, so waren es am folgenden Tag 10 km. Wir schauten und fotografierten Bamberg in allen seinen Facetten. Eigentlich sind 2 \u00bd Tage f\u00fcr Bamberg zu wenig. Ich bin mir sicher &#8211; es wird den einen oder anderen fotografierenden Rotarier wieder nach Bamberg ziehen.<\/p>\n<p>Der Abschluss bildete eine kleine fotografische Nachbetrachtung unserer Fotos von Bamberg. Hier auch eine kleine Auswahl der Aufnahmen.<\/p>\n<p>Unser n\u00e4chstes Treffen wird im Herbst in Limburg sein. Und vielleicht k\u00f6nnen wir dann auch die Glasmanufaktur DERIX in Taunusstein besichtigen. Hier wurden die sch\u00f6nen Kirchenfenster von St. Elisabeth in Bamberg hergestellt.<\/p>\n<p>Informationen jederzeit unter: <a href=\"mailto:christian@frag-christian.de\">christian@frag-christian.de<\/a> oder <a href=\"mailto:j.donnerstag@live.de\">j.donnerstag@live.de<\/a><\/p>\n<p>&nbsp;<\/p>\n<p>Bamberg, 26. M\u00e4rz 2025<br \/>\nChristian Stakelbeck, RC Bad Kreuznach-Nahetal, Rotary Photo-Fellowship, Sekret\u00e4r<\/p>\n<p>&nbsp;<\/p>\n<p><strong>Axel Sch\u00e4fer<\/strong><\/p>\n<div class=\"rl-gallery-container rl-loading\" id=\"rl-gallery-container-1\" data-gallery_id=\"788\"> <div class=\"rl-gallery rl-basicgrid-gallery \" id=\"rl-gallery-1\" data-gallery_no=\"1\"> <div class=\"rl-gallery-item\"><a href=\"http:\/\/www.photofellowship.de\/wp-content\/uploads\/2025\/01\/2025-03-29_AS8_2265.jpg\" title=\"\" data-rl_title=\"\" class=\"rl-gallery-link\" data-rl_caption=\"\" data-rel=\"lightbox-gallery-1\"><img loading=\"lazy\" decoding=\"async\" src=\"http:\/\/www.photofellowship.de\/wp-content\/uploads\/2025\/01\/2025-03-29_AS8_2265-300x200.jpg\" width=\"300\" height=\"200\" alt=\"Storchennest\"\/><\/a><\/div><div class=\"rl-gallery-item\"><a href=\"http:\/\/www.photofellowship.de\/wp-content\/uploads\/2025\/01\/2025-03-29_AS8_2124.jpg\" title=\"\" data-rl_title=\"\" class=\"rl-gallery-link\" data-rl_caption=\"\" data-rel=\"lightbox-gallery-1\"><img loading=\"lazy\" decoding=\"async\" src=\"http:\/\/www.photofellowship.de\/wp-content\/uploads\/2025\/01\/2025-03-29_AS8_2124-300x200.jpg\" width=\"300\" height=\"200\" alt=\"Taube\"\/><\/a><\/div><div class=\"rl-gallery-item\"><a href=\"http:\/\/www.photofellowship.de\/wp-content\/uploads\/2025\/01\/2025-03-29_AS8_2071-scaled.jpg\" title=\"\" data-rl_title=\"\" class=\"rl-gallery-link\" data-rl_caption=\"\" data-rel=\"lightbox-gallery-1\"><img loading=\"lazy\" decoding=\"async\" src=\"http:\/\/www.photofellowship.de\/wp-content\/uploads\/2025\/01\/2025-03-29_AS8_2071-300x200.jpg\" width=\"300\" height=\"200\" alt=\"Sonnenaufgang\"\/><\/a><\/div><div class=\"rl-gallery-item\"><a href=\"http:\/\/www.photofellowship.de\/wp-content\/uploads\/2025\/01\/2025-03-29_AS8_1901-scaled.jpg\" title=\"\" data-rl_title=\"\" class=\"rl-gallery-link\" data-rl_caption=\"\" data-rel=\"lightbox-gallery-1\"><img loading=\"lazy\" decoding=\"async\" src=\"http:\/\/www.photofellowship.de\/wp-content\/uploads\/2025\/01\/2025-03-29_AS8_1901-300x200.jpg\" width=\"300\" height=\"200\" alt=\"Im B\u00fcro\"\/><\/a><\/div><div class=\"rl-gallery-item\"><a href=\"http:\/\/www.photofellowship.de\/wp-content\/uploads\/2025\/01\/2025-03-29_AS8_1805-scaled.jpg\" title=\"\" data-rl_title=\"\" class=\"rl-gallery-link\" data-rl_caption=\"\" data-rel=\"lightbox-gallery-1\"><img loading=\"lazy\" decoding=\"async\" src=\"http:\/\/www.photofellowship.de\/wp-content\/uploads\/2025\/01\/2025-03-29_AS8_1805-300x200.jpg\" width=\"300\" height=\"200\" alt=\"Menschen\"\/><\/a><\/div> <\/div> <\/div>\n<p>&nbsp;<\/p>\n<p><strong>Bernhard Willim<\/strong><\/p>\n<div class=\"rl-gallery-container rl-loading\" id=\"rl-gallery-container-2\" data-gallery_id=\"840\"> <div class=\"rl-gallery rl-basicgrid-gallery \" id=\"rl-gallery-2\" data-gallery_no=\"2\"> <div class=\"rl-gallery-item\"><a href=\"http:\/\/www.photofellowship.de\/wp-content\/uploads\/2025\/05\/2025-03-29_Bernhard-Willim_Bamberg_Oly-3-scaled.jpg\" title=\"\" data-rl_title=\"\" class=\"rl-gallery-link\" data-rl_caption=\"\" data-rel=\"lightbox-gallery-2\"><img loading=\"lazy\" decoding=\"async\" src=\"http:\/\/www.photofellowship.de\/wp-content\/uploads\/2025\/05\/2025-03-29_Bernhard-Willim_Bamberg_Oly-3-300x225.jpg\" width=\"300\" height=\"225\" alt=\"Bamberg 3\"\/><\/a><\/div><div class=\"rl-gallery-item\"><a href=\"http:\/\/www.photofellowship.de\/wp-content\/uploads\/2025\/05\/2025-03-29_Bernhard-Willim_Bamberg_Oly-10-scaled.jpg\" title=\"\" data-rl_title=\"\" class=\"rl-gallery-link\" data-rl_caption=\"\" data-rel=\"lightbox-gallery-2\"><img loading=\"lazy\" decoding=\"async\" src=\"http:\/\/www.photofellowship.de\/wp-content\/uploads\/2025\/05\/2025-03-29_Bernhard-Willim_Bamberg_Oly-10-300x225.jpg\" width=\"300\" height=\"225\" alt=\"Bamberg 2\"\/><\/a><\/div><div class=\"rl-gallery-item\"><a href=\"http:\/\/www.photofellowship.de\/wp-content\/uploads\/2025\/05\/2025-03-29_Bernhard-Willim_Bamberg_Oly-18-scaled.jpg\" title=\"\" data-rl_title=\"\" class=\"rl-gallery-link\" data-rl_caption=\"\" data-rel=\"lightbox-gallery-2\"><img loading=\"lazy\" decoding=\"async\" src=\"http:\/\/www.photofellowship.de\/wp-content\/uploads\/2025\/05\/2025-03-29_Bernhard-Willim_Bamberg_Oly-18-300x225.jpg\" width=\"300\" height=\"225\" alt=\"Bamberg 1\"\/><\/a><\/div> <\/div> <\/div>\n<p>&nbsp;<\/p>\n<p><strong>Christian Stakelbeck<\/strong><\/p>\n<div class=\"rl-gallery-container rl-loading\" id=\"rl-gallery-container-3\" data-gallery_id=\"818\"> <div class=\"rl-gallery rl-basicgrid-gallery \" id=\"rl-gallery-3\" data-gallery_no=\"3\"> <div class=\"rl-gallery-item\"><a href=\"http:\/\/www.photofellowship.de\/wp-content\/uploads\/2025\/04\/2025-03-29_03-Bamberg-Dom-Kerstin.jpg\" title=\"\" data-rl_title=\"\" class=\"rl-gallery-link\" data-rl_caption=\"\" data-rel=\"lightbox-gallery-3\"><img loading=\"lazy\" decoding=\"async\" src=\"http:\/\/www.photofellowship.de\/wp-content\/uploads\/2025\/04\/2025-03-29_03-Bamberg-Dom-Kerstin-225x300.jpg\" width=\"225\" height=\"300\" alt=\"Am Bamberger Dom\"\/><\/a><\/div><div class=\"rl-gallery-item\"><a href=\"http:\/\/www.photofellowship.de\/wp-content\/uploads\/2025\/04\/2025-03-29_08-Bamberg-Dom.jpg\" title=\"\" data-rl_title=\"\" class=\"rl-gallery-link\" data-rl_caption=\"\" data-rel=\"lightbox-gallery-3\"><img loading=\"lazy\" decoding=\"async\" src=\"http:\/\/www.photofellowship.de\/wp-content\/uploads\/2025\/04\/2025-03-29_08-Bamberg-Dom-300x212.jpg\" width=\"300\" height=\"212\" alt=\"Der Bamberger Dom\"\/><\/a><\/div><div class=\"rl-gallery-item\"><a href=\"http:\/\/www.photofellowship.de\/wp-content\/uploads\/2025\/04\/2025-03-29_Gruppenfoto-kl.jpg\" title=\"\" data-rl_title=\"\" class=\"rl-gallery-link\" data-rl_caption=\"\" data-rel=\"lightbox-gallery-3\"><img loading=\"lazy\" decoding=\"async\" src=\"http:\/\/www.photofellowship.de\/wp-content\/uploads\/2025\/04\/2025-03-29_Gruppenfoto-kl-300x171.jpg\" width=\"300\" height=\"171\" alt=\"Gruppenphoto\"\/><\/a><\/div> <\/div> <\/div>\n<p>&nbsp;<\/p>\n<p><strong>Dirk Werdermann<\/strong><\/p>\n<div class=\"rl-gallery-container rl-loading\" id=\"rl-gallery-container-4\" data-gallery_id=\"844\"> <div class=\"rl-gallery rl-basicgrid-gallery \" id=\"rl-gallery-4\" data-gallery_no=\"4\"> <div class=\"rl-gallery-item\"><a href=\"http:\/\/www.photofellowship.de\/wp-content\/uploads\/2025\/05\/2025-03-29_Dirk_Bamberg-Sonnenaufgang-scaled.jpg\" title=\"\" data-rl_title=\"\" class=\"rl-gallery-link\" data-rl_caption=\"\" data-rel=\"lightbox-gallery-4\"><img loading=\"lazy\" decoding=\"async\" src=\"http:\/\/www.photofellowship.de\/wp-content\/uploads\/2025\/05\/2025-03-29_Dirk_Bamberg-Sonnenaufgang-300x136.jpg\" width=\"300\" height=\"136\" alt=\"Bamberg\"\/><\/a><\/div><div class=\"rl-gallery-item\"><a href=\"http:\/\/www.photofellowship.de\/wp-content\/uploads\/2025\/05\/2025-03-29_Dirk_Kapelle-St-Elisabeth.jpg\" title=\"\" data-rl_title=\"\" class=\"rl-gallery-link\" data-rl_caption=\"\" data-rel=\"lightbox-gallery-4\"><img loading=\"lazy\" decoding=\"async\" src=\"http:\/\/www.photofellowship.de\/wp-content\/uploads\/2025\/05\/2025-03-29_Dirk_Kapelle-St-Elisabeth-300x300.jpg\" width=\"300\" height=\"300\" alt=\"Kapelle St. Elisabeth\"\/><\/a><\/div><div class=\"rl-gallery-item\"><a href=\"http:\/\/www.photofellowship.de\/wp-content\/uploads\/2025\/05\/2025-03-29_Dirk_Klein-Venedig-scaled.jpg\" title=\"\" data-rl_title=\"\" class=\"rl-gallery-link\" data-rl_caption=\"\" data-rel=\"lightbox-gallery-4\"><img loading=\"lazy\" decoding=\"async\" src=\"http:\/\/www.photofellowship.de\/wp-content\/uploads\/2025\/05\/2025-03-29_Dirk_Klein-Venedig-300x161.jpg\" width=\"300\" height=\"161\" alt=\"Klein Venedig\"\/><\/a><\/div> <\/div> <\/div>\n<p>&nbsp;<\/p>\n<p><strong>Hannes Dambacher<\/strong><\/p>\n<div class=\"rl-gallery-container rl-loading\" id=\"rl-gallery-container-5\" data-gallery_id=\"823\"> <div class=\"rl-gallery rl-basicgrid-gallery \" id=\"rl-gallery-5\" data-gallery_no=\"5\"> <div class=\"rl-gallery-item\"><a href=\"http:\/\/www.photofellowship.de\/wp-content\/uploads\/2025\/04\/2025-03-29_Was-tat-man-den-Maedchen-scaled.jpg\" title=\"\" data-rl_title=\"\" class=\"rl-gallery-link\" data-rl_caption=\"\" data-rel=\"lightbox-gallery-5\"><img loading=\"lazy\" decoding=\"async\" src=\"http:\/\/www.photofellowship.de\/wp-content\/uploads\/2025\/04\/2025-03-29_Was-tat-man-den-Maedchen-300x200.jpg\" width=\"300\" height=\"200\" alt=\"\"\/><\/a><\/div><div class=\"rl-gallery-item\"><a href=\"http:\/\/www.photofellowship.de\/wp-content\/uploads\/2025\/04\/2025-03-29_Turm-mit-Kreuz-scaled.jpg\" title=\"\" data-rl_title=\"\" class=\"rl-gallery-link\" data-rl_caption=\"\" data-rel=\"lightbox-gallery-5\"><img loading=\"lazy\" decoding=\"async\" src=\"http:\/\/www.photofellowship.de\/wp-content\/uploads\/2025\/04\/2025-03-29_Turm-mit-Kreuz-200x300.jpg\" width=\"200\" height=\"300\" alt=\"\"\/><\/a><\/div><div class=\"rl-gallery-item\"><a href=\"http:\/\/www.photofellowship.de\/wp-content\/uploads\/2025\/04\/2025-03-29_Lange-Strasse-Bamberg-scaled.jpg\" title=\"\" data-rl_title=\"\" class=\"rl-gallery-link\" data-rl_caption=\"\" data-rel=\"lightbox-gallery-5\"><img loading=\"lazy\" decoding=\"async\" src=\"http:\/\/www.photofellowship.de\/wp-content\/uploads\/2025\/04\/2025-03-29_Lange-Strasse-Bamberg-300x200.jpg\" width=\"300\" height=\"200\" alt=\"\"\/><\/a><\/div><div class=\"rl-gallery-item\"><a href=\"http:\/\/www.photofellowship.de\/wp-content\/uploads\/2025\/04\/2025-03-29_Kleinvenedig-scaled.jpg\" title=\"\" data-rl_title=\"\" class=\"rl-gallery-link\" data-rl_caption=\"\" data-rel=\"lightbox-gallery-5\"><img loading=\"lazy\" decoding=\"async\" src=\"http:\/\/www.photofellowship.de\/wp-content\/uploads\/2025\/04\/2025-03-29_Kleinvenedig-300x200.jpg\" width=\"300\" height=\"200\" alt=\"\"\/><\/a><\/div><div class=\"rl-gallery-item\"><a href=\"http:\/\/www.photofellowship.de\/wp-content\/uploads\/2025\/04\/2025-03-29_Figuren-in-Rot-scaled.jpg\" title=\"\" data-rl_title=\"\" class=\"rl-gallery-link\" data-rl_caption=\"\" data-rel=\"lightbox-gallery-5\"><img loading=\"lazy\" decoding=\"async\" src=\"http:\/\/www.photofellowship.de\/wp-content\/uploads\/2025\/04\/2025-03-29_Figuren-in-Rot-300x200.jpg\" width=\"300\" height=\"200\" alt=\"\"\/><\/a><\/div><div class=\"rl-gallery-item\"><a href=\"http:\/\/www.photofellowship.de\/wp-content\/uploads\/2025\/04\/2025-03-29_Chorgestuehl-scaled.jpg\" title=\"\" data-rl_title=\"\" class=\"rl-gallery-link\" data-rl_caption=\"\" data-rel=\"lightbox-gallery-5\"><img loading=\"lazy\" decoding=\"async\" src=\"http:\/\/www.photofellowship.de\/wp-content\/uploads\/2025\/04\/2025-03-29_Chorgestuehl-300x200.jpg\" width=\"300\" height=\"200\" alt=\"\"\/><\/a><\/div><div class=\"rl-gallery-item\"><a href=\"http:\/\/www.photofellowship.de\/wp-content\/uploads\/2025\/04\/2025-03-29_Bamberg-von-oben-scaled.jpg\" title=\"\" data-rl_title=\"\" class=\"rl-gallery-link\" data-rl_caption=\"\" data-rel=\"lightbox-gallery-5\"><img loading=\"lazy\" decoding=\"async\" src=\"http:\/\/www.photofellowship.de\/wp-content\/uploads\/2025\/04\/2025-03-29_Bamberg-von-oben-300x200.jpg\" width=\"300\" height=\"200\" alt=\"\"\/><\/a><\/div> <\/div> <\/div>\n<p>&nbsp;<\/p>\n<p><strong>Kerstin Sperschneider<\/strong><\/p>\n<div class=\"rl-gallery-container rl-loading\" id=\"rl-gallery-container-6\" data-gallery_id=\"833\"> <div class=\"rl-gallery rl-basicgrid-gallery \" id=\"rl-gallery-6\" data-gallery_no=\"6\"> <div class=\"rl-gallery-item\"><a href=\"http:\/\/www.photofellowship.de\/wp-content\/uploads\/2025\/05\/2025-03-29-KerstinSperschneider-20250322-P3220291-scaled.jpg\" title=\"\" data-rl_title=\"\" class=\"rl-gallery-link\" data-rl_caption=\"\" data-rel=\"lightbox-gallery-6\"><img loading=\"lazy\" decoding=\"async\" src=\"http:\/\/www.photofellowship.de\/wp-content\/uploads\/2025\/05\/2025-03-29-KerstinSperschneider-20250322-P3220291-225x300.jpg\" width=\"225\" height=\"300\" alt=\"Bamberger Reiter\"\/><\/a><\/div><div class=\"rl-gallery-item\"><a href=\"http:\/\/www.photofellowship.de\/wp-content\/uploads\/2025\/05\/2025-03-29-KerstinSperschneider-20250322-P3220047-Titel-scaled.jpg\" title=\"\" data-rl_title=\"\" class=\"rl-gallery-link\" data-rl_caption=\"\" data-rel=\"lightbox-gallery-6\"><img loading=\"lazy\" decoding=\"async\" src=\"http:\/\/www.photofellowship.de\/wp-content\/uploads\/2025\/05\/2025-03-29-KerstinSperschneider-20250322-P3220047-Titel-300x225.jpg\" width=\"300\" height=\"225\" alt=\"Bamberger Dom\"\/><\/a><\/div> <\/div> <\/div>\n<p>&nbsp;<\/p>\n<p><strong>Mechthild<\/strong><\/p>\n<div class=\"rl-gallery-container rl-loading\" id=\"rl-gallery-container-7\" data-gallery_id=\"848\"> <div class=\"rl-gallery rl-basicgrid-gallery \" id=\"rl-gallery-7\" data-gallery_no=\"7\"> <div class=\"rl-gallery-item\"><a href=\"http:\/\/www.photofellowship.de\/wp-content\/uploads\/2025\/05\/2025-03-29_Mechthild_P3220595-scaled.jpg\" title=\"\" data-rl_title=\"\" class=\"rl-gallery-link\" data-rl_caption=\"\" data-rel=\"lightbox-gallery-7\"><img loading=\"lazy\" decoding=\"async\" src=\"http:\/\/www.photofellowship.de\/wp-content\/uploads\/2025\/05\/2025-03-29_Mechthild_P3220595-300x225.jpg\" width=\"300\" height=\"225\" alt=\"Bamberg 5\"\/><\/a><\/div><div class=\"rl-gallery-item\"><a href=\"http:\/\/www.photofellowship.de\/wp-content\/uploads\/2025\/05\/2025-03-29_Mechthild_Bamberg_Oly-3-scaled.jpg\" title=\"\" data-rl_title=\"\" class=\"rl-gallery-link\" data-rl_caption=\"\" data-rel=\"lightbox-gallery-7\"><img loading=\"lazy\" decoding=\"async\" src=\"http:\/\/www.photofellowship.de\/wp-content\/uploads\/2025\/05\/2025-03-29_Mechthild_Bamberg_Oly-3-300x225.jpg\" width=\"300\" height=\"225\" alt=\"Bamberg 4\"\/><\/a><\/div><div class=\"rl-gallery-item\"><a href=\"http:\/\/www.photofellowship.de\/wp-content\/uploads\/2025\/05\/2025-03-29_Mechthild_Bamberg_Oly-10-1-scaled.jpg\" title=\"\" data-rl_title=\"\" class=\"rl-gallery-link\" data-rl_caption=\"\" data-rel=\"lightbox-gallery-7\"><img loading=\"lazy\" decoding=\"async\" src=\"http:\/\/www.photofellowship.de\/wp-content\/uploads\/2025\/05\/2025-03-29_Mechthild_Bamberg_Oly-10-1-300x225.jpg\" width=\"300\" height=\"225\" alt=\"Bamberg 3\"\/><\/a><\/div><div class=\"rl-gallery-item\"><a href=\"http:\/\/www.photofellowship.de\/wp-content\/uploads\/2025\/05\/2025-03-29_Mechthild_P3220187-scaled.jpg\" title=\"\" data-rl_title=\"\" class=\"rl-gallery-link\" data-rl_caption=\"\" data-rel=\"lightbox-gallery-7\"><img loading=\"lazy\" decoding=\"async\" src=\"http:\/\/www.photofellowship.de\/wp-content\/uploads\/2025\/05\/2025-03-29_Mechthild_P3220187-300x225.jpg\" width=\"300\" height=\"225\" alt=\"Bamberg 2\"\/><\/a><\/div><div class=\"rl-gallery-item\"><a href=\"http:\/\/www.photofellowship.de\/wp-content\/uploads\/2025\/05\/2025-03-29_Mechthild_P3220337-scaled.jpg\" title=\"\" data-rl_title=\"\" class=\"rl-gallery-link\" data-rl_caption=\"\" data-rel=\"lightbox-gallery-7\"><img loading=\"lazy\" decoding=\"async\" src=\"http:\/\/www.photofellowship.de\/wp-content\/uploads\/2025\/05\/2025-03-29_Mechthild_P3220337-300x225.jpg\" width=\"300\" height=\"225\" alt=\"Bamberg 1\"\/><\/a><\/div> <\/div> <\/div>\n","protected":false},"excerpt":{"rendered":"<p>Die Weltkulturerbe-Stadt, das Licht, der Dom, Kunst und Kultur lockten Fotografen der Rotary Photo-Fellowship an. Kerstin Sperschneider, RC Kronau, Schatzmeisterin der Photo-Fellowship, zeigte ihr bestes Organisationstalent. Man k\u00f6nnte in episch langer Weise \u00fcber Bamberg schreiben. Ich begn\u00fcge mich mit der<\/p>\n","protected":false},"author":2,"featured_media":0,"comment_status":"open","ping_status":"open","sticky":false,"template":"","format":"standard","meta":{"footnotes":""},"categories":[1,4],"tags":[],"class_list":["post-806","post","type-post","status-publish","format-standard","hentry","category-allgemein","category-berichte"],"_links":{"self":[{"href":"http:\/\/www.photofellowship.de\/index.php?rest_route=\/wp\/v2\/posts\/806","targetHints":{"allow":["GET"]}}],"collection":[{"href":"http:\/\/www.photofellowship.de\/index.php?rest_route=\/wp\/v2\/posts"}],"about":[{"href":"http:\/\/www.photofellowship.de\/index.php?rest_route=\/wp\/v2\/types\/post"}],"author":[{"embeddable":true,"href":"http:\/\/www.photofellowship.de\/index.php?rest_route=\/wp\/v2\/users\/2"}],"replies":[{"embeddable":true,"href":"http:\/\/www.photofellowship.de\/index.php?rest_route=%2Fwp%2Fv2%2Fcomments&post=806"}],"version-history":[{"count":9,"href":"http:\/\/www.photofellowship.de\/index.php?rest_route=\/wp\/v2\/posts\/806\/revisions"}],"predecessor-version":[{"id":854,"href":"http:\/\/www.photofellowship.de\/index.php?rest_route=\/wp\/v2\/posts\/806\/revisions\/854"}],"wp:attachment":[{"href":"http:\/\/www.photofellowship.de\/index.php?rest_route=%2Fwp%2Fv2%2Fmedia&parent=806"}],"wp:term":[{"taxonomy":"category","embeddable":true,"href":"http:\/\/www.photofellowship.de\/index.php?rest_route=%2Fwp%2Fv2%2Fcategories&post=806"},{"taxonomy":"post_tag","embeddable":true,"href":"http:\/\/www.photofellowship.de\/index.php?rest_route=%2Fwp%2Fv2%2Ftags&post=806"}],"curies":[{"name":"wp","href":"https:\/\/api.w.org\/{rel}","templated":true}]}}