{"id":159,"date":"2014-05-25T20:02:07","date_gmt":"2014-05-25T18:02:07","guid":{"rendered":"http:\/\/www.photofellowship.de\/?p=159"},"modified":"2014-11-04T13:59:16","modified_gmt":"2014-11-04T12:59:16","slug":"kronach-leuchtet","status":"publish","type":"post","link":"http:\/\/www.photofellowship.de\/?p=159","title":{"rendered":"Kronach leuchtet!"},"content":{"rendered":"<p>Im Mai 2014 f\u00fchrte uns die &#8222;fotografische rotarische Linse&#8220; nach Kronach. Jedes findet in Kronach eine Stadtbeleuchtung bzw. Illumination der besonderen Art statt.<\/p>\n<p>Speziell in diesem Jahr wurde das Event &#8222;Kronach leuchtet&#8220; vom Rotary Club Kronach unterst\u00fctzt. Hier wurde die Lichtshow &#8222;Kronach im 30j\u00e4hrigen Krieg&#8220; vom RC Kronach finanziert und unter erheblichem Aufwand geschaffen. Eine Stadt im Rausch des Lichts.<\/p>\n<p>F\u00fcr uns fotografierende Rotarier war dies ein Event der speziellen Art. Mit Stativ und bei Nacht wurde fotografiert. Tags\u00fcber haben wir uns die Stadt Kronach und den nahe gelegenen j\u00fcdischen Friedhof fotografisch erschlossen.<br \/>\nNat\u00fcrlich wurden unsere Bilder wie immer anschlie\u00dfend besprochen.<\/p>\n<p>Ein besonderer Dank gilt der Organisatorin. Freundin Kersten Sperschneider, Schatzmeisterin der Photo-Fellowship und 2. Sekret\u00e4rin beim RC Kronach, hat diese Veranstaltung mit gro\u00dfem Engagement organisiert.<\/p>\n<p>&nbsp;<\/p>\n<div id='gallery-1' class='gallery galleryid-159 gallery-columns-3 gallery-size-medium'><figure class='gallery-item'>\n\t\t\t<div class='gallery-icon portrait'>\n\t\t\t\t<a href='http:\/\/www.photofellowship.de\/wp-content\/uploads\/2014\/10\/Stakelbeck-Christian-Kronach-2014-05-zeitzeugen.jpg' title=\"\" data-rl_title=\"\" class=\"rl-gallery-link\" data-rl_caption=\"\" data-rel=\"lightbox-gallery-1\"><img loading=\"lazy\" decoding=\"async\" width=\"200\" height=\"300\" src=\"http:\/\/www.photofellowship.de\/wp-content\/uploads\/2014\/10\/Stakelbeck-Christian-Kronach-2014-05-zeitzeugen-200x300.jpg\" class=\"attachment-medium size-medium\" alt=\"\" srcset=\"http:\/\/www.photofellowship.de\/wp-content\/uploads\/2014\/10\/Stakelbeck-Christian-Kronach-2014-05-zeitzeugen-200x300.jpg 200w, http:\/\/www.photofellowship.de\/wp-content\/uploads\/2014\/10\/Stakelbeck-Christian-Kronach-2014-05-zeitzeugen-682x1024.jpg 682w\" sizes=\"auto, (max-width: 200px) 100vw, 200px\" \/><\/a>\n\t\t\t<\/div><\/figure><figure class='gallery-item'>\n\t\t\t<div class='gallery-icon landscape'>\n\t\t\t\t<a href='http:\/\/www.photofellowship.de\/wp-content\/uploads\/2014\/10\/Stakelbeck-Christian-Kronach-2014-05-kunstgebilde.jpg' title=\"\" data-rl_title=\"\" class=\"rl-gallery-link\" data-rl_caption=\"\" data-rel=\"lightbox-gallery-1\"><img loading=\"lazy\" decoding=\"async\" width=\"300\" height=\"199\" src=\"http:\/\/www.photofellowship.de\/wp-content\/uploads\/2014\/10\/Stakelbeck-Christian-Kronach-2014-05-kunstgebilde-300x199.jpg\" class=\"attachment-medium size-medium\" alt=\"\" srcset=\"http:\/\/www.photofellowship.de\/wp-content\/uploads\/2014\/10\/Stakelbeck-Christian-Kronach-2014-05-kunstgebilde-300x199.jpg 300w, http:\/\/www.photofellowship.de\/wp-content\/uploads\/2014\/10\/Stakelbeck-Christian-Kronach-2014-05-kunstgebilde-1024x681.jpg 1024w\" sizes=\"auto, (max-width: 300px) 100vw, 300px\" \/><\/a>\n\t\t\t<\/div><\/figure><figure class='gallery-item'>\n\t\t\t<div class='gallery-icon portrait'>\n\t\t\t\t<a href='http:\/\/www.photofellowship.de\/wp-content\/uploads\/2014\/10\/Stakelbeck-Christian-Kronach-2014-05-Halle.jpg' title=\"\" data-rl_title=\"\" class=\"rl-gallery-link\" data-rl_caption=\"\" data-rel=\"lightbox-gallery-1\"><img loading=\"lazy\" decoding=\"async\" width=\"200\" height=\"300\" src=\"http:\/\/www.photofellowship.de\/wp-content\/uploads\/2014\/10\/Stakelbeck-Christian-Kronach-2014-05-Halle-200x300.jpg\" class=\"attachment-medium size-medium\" alt=\"\" srcset=\"http:\/\/www.photofellowship.de\/wp-content\/uploads\/2014\/10\/Stakelbeck-Christian-Kronach-2014-05-Halle-200x300.jpg 200w, http:\/\/www.photofellowship.de\/wp-content\/uploads\/2014\/10\/Stakelbeck-Christian-Kronach-2014-05-Halle-682x1024.jpg 682w\" sizes=\"auto, (max-width: 200px) 100vw, 200px\" \/><\/a>\n\t\t\t<\/div><\/figure><figure class='gallery-item'>\n\t\t\t<div class='gallery-icon landscape'>\n\t\t\t\t<a href='http:\/\/www.photofellowship.de\/wp-content\/uploads\/2014\/10\/Stakelbeck-Christian-Kronach-2014-05-eingang.jpg' title=\"\" data-rl_title=\"\" class=\"rl-gallery-link\" data-rl_caption=\"\" data-rel=\"lightbox-gallery-1\"><img loading=\"lazy\" decoding=\"async\" width=\"300\" height=\"205\" src=\"http:\/\/www.photofellowship.de\/wp-content\/uploads\/2014\/10\/Stakelbeck-Christian-Kronach-2014-05-eingang-300x205.jpg\" class=\"attachment-medium size-medium\" alt=\"\" srcset=\"http:\/\/www.photofellowship.de\/wp-content\/uploads\/2014\/10\/Stakelbeck-Christian-Kronach-2014-05-eingang-300x205.jpg 300w, http:\/\/www.photofellowship.de\/wp-content\/uploads\/2014\/10\/Stakelbeck-Christian-Kronach-2014-05-eingang-1024x701.jpg 1024w\" sizes=\"auto, (max-width: 300px) 100vw, 300px\" \/><\/a>\n\t\t\t<\/div><\/figure><figure class='gallery-item'>\n\t\t\t<div class='gallery-icon landscape'>\n\t\t\t\t<a href='http:\/\/www.photofellowship.de\/wp-content\/uploads\/2014\/10\/Sperschneider-Kerstin-Die-Zuschauer-sind-begeistert-von-der-Projektion-auf-das-historische-Mauerwerk-unserer-Festung.jpg' title=\"\" data-rl_title=\"\" class=\"rl-gallery-link\" data-rl_caption=\"\" data-rel=\"lightbox-gallery-1\"><img loading=\"lazy\" decoding=\"async\" width=\"300\" height=\"225\" src=\"http:\/\/www.photofellowship.de\/wp-content\/uploads\/2014\/10\/Sperschneider-Kerstin-Die-Zuschauer-sind-begeistert-von-der-Projektion-auf-das-historische-Mauerwerk-unserer-Festung-300x225.jpg\" class=\"attachment-medium size-medium\" alt=\"\" srcset=\"http:\/\/www.photofellowship.de\/wp-content\/uploads\/2014\/10\/Sperschneider-Kerstin-Die-Zuschauer-sind-begeistert-von-der-Projektion-auf-das-historische-Mauerwerk-unserer-Festung-300x225.jpg 300w, http:\/\/www.photofellowship.de\/wp-content\/uploads\/2014\/10\/Sperschneider-Kerstin-Die-Zuschauer-sind-begeistert-von-der-Projektion-auf-das-historische-Mauerwerk-unserer-Festung.jpg 640w\" sizes=\"auto, (max-width: 300px) 100vw, 300px\" \/><\/a>\n\t\t\t<\/div><\/figure><figure class='gallery-item'>\n\t\t\t<div class='gallery-icon landscape'>\n\t\t\t\t<a href='http:\/\/www.photofellowship.de\/wp-content\/uploads\/2014\/10\/Sperschneider-Kerstin-Blick-von-der-beleuchteten-Festung-Rosenberg.jpg' title=\"\" data-rl_title=\"\" class=\"rl-gallery-link\" data-rl_caption=\"\" data-rel=\"lightbox-gallery-1\"><img loading=\"lazy\" decoding=\"async\" width=\"300\" height=\"225\" src=\"http:\/\/www.photofellowship.de\/wp-content\/uploads\/2014\/10\/Sperschneider-Kerstin-Blick-von-der-beleuchteten-Festung-Rosenberg-300x225.jpg\" class=\"attachment-medium size-medium\" alt=\"\" srcset=\"http:\/\/www.photofellowship.de\/wp-content\/uploads\/2014\/10\/Sperschneider-Kerstin-Blick-von-der-beleuchteten-Festung-Rosenberg-300x225.jpg 300w, http:\/\/www.photofellowship.de\/wp-content\/uploads\/2014\/10\/Sperschneider-Kerstin-Blick-von-der-beleuchteten-Festung-Rosenberg.jpg 640w\" sizes=\"auto, (max-width: 300px) 100vw, 300px\" \/><\/a>\n\t\t\t<\/div><\/figure><figure class='gallery-item'>\n\t\t\t<div class='gallery-icon landscape'>\n\t\t\t\t<a href='http:\/\/www.photofellowship.de\/wp-content\/uploads\/2014\/10\/Sperschneider-Kerstin-Besucheransturm-im-Wallgraben-der-Festung-Rosenberg.jpg' title=\"\" data-rl_title=\"\" class=\"rl-gallery-link\" data-rl_caption=\"\" data-rel=\"lightbox-gallery-1\"><img loading=\"lazy\" decoding=\"async\" width=\"300\" height=\"225\" src=\"http:\/\/www.photofellowship.de\/wp-content\/uploads\/2014\/10\/Sperschneider-Kerstin-Besucheransturm-im-Wallgraben-der-Festung-Rosenberg-300x225.jpg\" class=\"attachment-medium size-medium\" alt=\"\" srcset=\"http:\/\/www.photofellowship.de\/wp-content\/uploads\/2014\/10\/Sperschneider-Kerstin-Besucheransturm-im-Wallgraben-der-Festung-Rosenberg-300x225.jpg 300w, http:\/\/www.photofellowship.de\/wp-content\/uploads\/2014\/10\/Sperschneider-Kerstin-Besucheransturm-im-Wallgraben-der-Festung-Rosenberg.jpg 640w\" sizes=\"auto, (max-width: 300px) 100vw, 300px\" \/><\/a>\n\t\t\t<\/div><\/figure><figure class='gallery-item'>\n\t\t\t<div class='gallery-icon landscape'>\n\t\t\t\t<a href='http:\/\/www.photofellowship.de\/wp-content\/uploads\/2014\/10\/Sperschneider-Kerstin-beleuchteter-Zaun-bei-Regen-an-der-Annakapelle.jpg' title=\"\" data-rl_title=\"\" class=\"rl-gallery-link\" data-rl_caption=\"\" data-rel=\"lightbox-gallery-1\"><img loading=\"lazy\" decoding=\"async\" width=\"300\" height=\"225\" src=\"http:\/\/www.photofellowship.de\/wp-content\/uploads\/2014\/10\/Sperschneider-Kerstin-beleuchteter-Zaun-bei-Regen-an-der-Annakapelle-300x225.jpg\" class=\"attachment-medium size-medium\" alt=\"\" srcset=\"http:\/\/www.photofellowship.de\/wp-content\/uploads\/2014\/10\/Sperschneider-Kerstin-beleuchteter-Zaun-bei-Regen-an-der-Annakapelle-300x225.jpg 300w, http:\/\/www.photofellowship.de\/wp-content\/uploads\/2014\/10\/Sperschneider-Kerstin-beleuchteter-Zaun-bei-Regen-an-der-Annakapelle.jpg 640w\" sizes=\"auto, (max-width: 300px) 100vw, 300px\" \/><\/a>\n\t\t\t<\/div><\/figure><figure class='gallery-item'>\n\t\t\t<div class='gallery-icon landscape'>\n\t\t\t\t<a href='http:\/\/www.photofellowship.de\/wp-content\/uploads\/2014\/10\/Habermalz-20140517-P5175076.jpg' title=\"\" data-rl_title=\"\" class=\"rl-gallery-link\" data-rl_caption=\"\" data-rel=\"lightbox-gallery-1\"><img loading=\"lazy\" decoding=\"async\" width=\"300\" height=\"225\" src=\"http:\/\/www.photofellowship.de\/wp-content\/uploads\/2014\/10\/Habermalz-20140517-P5175076-300x225.jpg\" class=\"attachment-medium size-medium\" alt=\"\" srcset=\"http:\/\/www.photofellowship.de\/wp-content\/uploads\/2014\/10\/Habermalz-20140517-P5175076-300x225.jpg 300w, http:\/\/www.photofellowship.de\/wp-content\/uploads\/2014\/10\/Habermalz-20140517-P5175076-1024x768.jpg 1024w\" sizes=\"auto, (max-width: 300px) 100vw, 300px\" \/><\/a>\n\t\t\t<\/div><\/figure><figure class='gallery-item'>\n\t\t\t<div class='gallery-icon portrait'>\n\t\t\t\t<a href='http:\/\/www.photofellowship.de\/wp-content\/uploads\/2014\/10\/Habermalz-20140517-P5175057.jpg' title=\"\" data-rl_title=\"\" class=\"rl-gallery-link\" data-rl_caption=\"\" data-rel=\"lightbox-gallery-1\"><img loading=\"lazy\" decoding=\"async\" width=\"225\" height=\"300\" src=\"http:\/\/www.photofellowship.de\/wp-content\/uploads\/2014\/10\/Habermalz-20140517-P5175057-225x300.jpg\" class=\"attachment-medium size-medium\" alt=\"\" srcset=\"http:\/\/www.photofellowship.de\/wp-content\/uploads\/2014\/10\/Habermalz-20140517-P5175057-225x300.jpg 225w, http:\/\/www.photofellowship.de\/wp-content\/uploads\/2014\/10\/Habermalz-20140517-P5175057-768x1024.jpg 768w\" sizes=\"auto, (max-width: 225px) 100vw, 225px\" \/><\/a>\n\t\t\t<\/div><\/figure><figure class='gallery-item'>\n\t\t\t<div class='gallery-icon landscape'>\n\t\t\t\t<a href='http:\/\/www.photofellowship.de\/wp-content\/uploads\/2014\/10\/Habermalz-20140517-P5175041.jpg' title=\"\" data-rl_title=\"\" class=\"rl-gallery-link\" data-rl_caption=\"\" data-rel=\"lightbox-gallery-1\"><img loading=\"lazy\" decoding=\"async\" width=\"300\" height=\"193\" src=\"http:\/\/www.photofellowship.de\/wp-content\/uploads\/2014\/10\/Habermalz-20140517-P5175041-300x193.jpg\" class=\"attachment-medium size-medium\" alt=\"\" srcset=\"http:\/\/www.photofellowship.de\/wp-content\/uploads\/2014\/10\/Habermalz-20140517-P5175041-300x193.jpg 300w, http:\/\/www.photofellowship.de\/wp-content\/uploads\/2014\/10\/Habermalz-20140517-P5175041-1024x658.jpg 1024w\" sizes=\"auto, (max-width: 300px) 100vw, 300px\" \/><\/a>\n\t\t\t<\/div><\/figure><figure class='gallery-item'>\n\t\t\t<div class='gallery-icon landscape'>\n\t\t\t\t<a href='http:\/\/www.photofellowship.de\/wp-content\/uploads\/2014\/10\/Habermalz-20140517-P5175023.jpg' title=\"\" data-rl_title=\"\" class=\"rl-gallery-link\" data-rl_caption=\"\" data-rel=\"lightbox-gallery-1\"><img loading=\"lazy\" decoding=\"async\" width=\"300\" height=\"225\" src=\"http:\/\/www.photofellowship.de\/wp-content\/uploads\/2014\/10\/Habermalz-20140517-P5175023-300x225.jpg\" class=\"attachment-medium size-medium\" alt=\"\" srcset=\"http:\/\/www.photofellowship.de\/wp-content\/uploads\/2014\/10\/Habermalz-20140517-P5175023-300x225.jpg 300w, http:\/\/www.photofellowship.de\/wp-content\/uploads\/2014\/10\/Habermalz-20140517-P5175023-1024x768.jpg 1024w\" sizes=\"auto, (max-width: 300px) 100vw, 300px\" \/><\/a>\n\t\t\t<\/div><\/figure><figure class='gallery-item'>\n\t\t\t<div class='gallery-icon portrait'>\n\t\t\t\t<a href='http:\/\/www.photofellowship.de\/wp-content\/uploads\/2014\/10\/Habermalz-20140516-P5164986.jpg' title=\"\" data-rl_title=\"\" class=\"rl-gallery-link\" data-rl_caption=\"\" data-rel=\"lightbox-gallery-1\"><img loading=\"lazy\" decoding=\"async\" width=\"225\" height=\"300\" src=\"http:\/\/www.photofellowship.de\/wp-content\/uploads\/2014\/10\/Habermalz-20140516-P5164986-225x300.jpg\" class=\"attachment-medium size-medium\" alt=\"\" srcset=\"http:\/\/www.photofellowship.de\/wp-content\/uploads\/2014\/10\/Habermalz-20140516-P5164986-225x300.jpg 225w, http:\/\/www.photofellowship.de\/wp-content\/uploads\/2014\/10\/Habermalz-20140516-P5164986-768x1024.jpg 768w\" sizes=\"auto, (max-width: 225px) 100vw, 225px\" \/><\/a>\n\t\t\t<\/div><\/figure><figure class='gallery-item'>\n\t\t\t<div class='gallery-icon landscape'>\n\t\t\t\t<a href='http:\/\/www.photofellowship.de\/wp-content\/uploads\/2014\/10\/Habermalz-20140516-P5164980.jpg' title=\"\" data-rl_title=\"\" class=\"rl-gallery-link\" data-rl_caption=\"\" data-rel=\"lightbox-gallery-1\"><img loading=\"lazy\" decoding=\"async\" width=\"300\" height=\"225\" src=\"http:\/\/www.photofellowship.de\/wp-content\/uploads\/2014\/10\/Habermalz-20140516-P5164980-300x225.jpg\" class=\"attachment-medium size-medium\" alt=\"\" srcset=\"http:\/\/www.photofellowship.de\/wp-content\/uploads\/2014\/10\/Habermalz-20140516-P5164980-300x225.jpg 300w, http:\/\/www.photofellowship.de\/wp-content\/uploads\/2014\/10\/Habermalz-20140516-P5164980-1024x768.jpg 1024w\" sizes=\"auto, (max-width: 300px) 100vw, 300px\" \/><\/a>\n\t\t\t<\/div><\/figure><figure class='gallery-item'>\n\t\t\t<div class='gallery-icon landscape'>\n\t\t\t\t<a href='http:\/\/www.photofellowship.de\/wp-content\/uploads\/2014\/10\/Gru\u0308tz-Sebastian-23645154_692056.jpg' title=\"\" data-rl_title=\"\" class=\"rl-gallery-link\" data-rl_caption=\"\" data-rel=\"lightbox-gallery-1\"><img loading=\"lazy\" decoding=\"async\" width=\"300\" height=\"225\" src=\"http:\/\/www.photofellowship.de\/wp-content\/uploads\/2014\/10\/Gru\u0308tz-Sebastian-23645154_692056-300x225.jpg\" class=\"attachment-medium size-medium\" alt=\"\" srcset=\"http:\/\/www.photofellowship.de\/wp-content\/uploads\/2014\/10\/Gru\u0308tz-Sebastian-23645154_692056-300x225.jpg 300w, http:\/\/www.photofellowship.de\/wp-content\/uploads\/2014\/10\/Gru\u0308tz-Sebastian-23645154_692056-1024x768.jpg 1024w, http:\/\/www.photofellowship.de\/wp-content\/uploads\/2014\/10\/Gru\u0308tz-Sebastian-23645154_692056.jpg 1076w\" sizes=\"auto, (max-width: 300px) 100vw, 300px\" \/><\/a>\n\t\t\t<\/div><\/figure><figure class='gallery-item'>\n\t\t\t<div class='gallery-icon landscape'>\n\t\t\t\t<a href='http:\/\/www.photofellowship.de\/wp-content\/uploads\/2014\/10\/Gru\u0308tz-Sebastian-23645154_692054.jpg' title=\"\" data-rl_title=\"\" class=\"rl-gallery-link\" data-rl_caption=\"\" data-rel=\"lightbox-gallery-1\"><img loading=\"lazy\" decoding=\"async\" width=\"300\" height=\"207\" src=\"http:\/\/www.photofellowship.de\/wp-content\/uploads\/2014\/10\/Gru\u0308tz-Sebastian-23645154_692054-300x207.jpg\" class=\"attachment-medium size-medium\" alt=\"\" srcset=\"http:\/\/www.photofellowship.de\/wp-content\/uploads\/2014\/10\/Gru\u0308tz-Sebastian-23645154_692054-300x207.jpg 300w, http:\/\/www.photofellowship.de\/wp-content\/uploads\/2014\/10\/Gru\u0308tz-Sebastian-23645154_692054-1024x709.jpg 1024w, http:\/\/www.photofellowship.de\/wp-content\/uploads\/2014\/10\/Gru\u0308tz-Sebastian-23645154_692054.jpg 1165w\" sizes=\"auto, (max-width: 300px) 100vw, 300px\" \/><\/a>\n\t\t\t<\/div><\/figure><figure class='gallery-item'>\n\t\t\t<div class='gallery-icon landscape'>\n\t\t\t\t<a href='http:\/\/www.photofellowship.de\/wp-content\/uploads\/2014\/10\/Gru\u0308tz-Sebastian-23645154_692052.jpg' title=\"\" data-rl_title=\"\" class=\"rl-gallery-link\" data-rl_caption=\"\" data-rel=\"lightbox-gallery-1\"><img loading=\"lazy\" decoding=\"async\" width=\"300\" height=\"214\" src=\"http:\/\/www.photofellowship.de\/wp-content\/uploads\/2014\/10\/Gru\u0308tz-Sebastian-23645154_692052-300x214.jpg\" class=\"attachment-medium size-medium\" alt=\"\" srcset=\"http:\/\/www.photofellowship.de\/wp-content\/uploads\/2014\/10\/Gru\u0308tz-Sebastian-23645154_692052-300x214.jpg 300w, http:\/\/www.photofellowship.de\/wp-content\/uploads\/2014\/10\/Gru\u0308tz-Sebastian-23645154_692052-1024x731.jpg 1024w, http:\/\/www.photofellowship.de\/wp-content\/uploads\/2014\/10\/Gru\u0308tz-Sebastian-23645154_692052.jpg 1129w\" sizes=\"auto, (max-width: 300px) 100vw, 300px\" \/><\/a>\n\t\t\t<\/div><\/figure><figure class='gallery-item'>\n\t\t\t<div class='gallery-icon landscape'>\n\t\t\t\t<a href='http:\/\/www.photofellowship.de\/wp-content\/uploads\/2014\/10\/Gru\u0308tz-Sebastian-23645154_692050.jpg' title=\"\" data-rl_title=\"\" class=\"rl-gallery-link\" data-rl_caption=\"\" data-rel=\"lightbox-gallery-1\"><img loading=\"lazy\" decoding=\"async\" width=\"300\" height=\"199\" src=\"http:\/\/www.photofellowship.de\/wp-content\/uploads\/2014\/10\/Gru\u0308tz-Sebastian-23645154_692050-300x199.jpg\" class=\"attachment-medium size-medium\" alt=\"\" srcset=\"http:\/\/www.photofellowship.de\/wp-content\/uploads\/2014\/10\/Gru\u0308tz-Sebastian-23645154_692050-300x199.jpg 300w, http:\/\/www.photofellowship.de\/wp-content\/uploads\/2014\/10\/Gru\u0308tz-Sebastian-23645154_692050-1024x682.jpg 1024w, http:\/\/www.photofellowship.de\/wp-content\/uploads\/2014\/10\/Gru\u0308tz-Sebastian-23645154_692050.jpg 1211w\" sizes=\"auto, (max-width: 300px) 100vw, 300px\" \/><\/a>\n\t\t\t<\/div><\/figure><figure class='gallery-item'>\n\t\t\t<div class='gallery-icon landscape'>\n\t\t\t\t<a href='http:\/\/www.photofellowship.de\/wp-content\/uploads\/2014\/10\/Gru\u0308tz-Sebastian-23645154_692048.jpg' title=\"\" data-rl_title=\"\" class=\"rl-gallery-link\" data-rl_caption=\"\" data-rel=\"lightbox-gallery-1\"><img loading=\"lazy\" decoding=\"async\" width=\"300\" height=\"193\" src=\"http:\/\/www.photofellowship.de\/wp-content\/uploads\/2014\/10\/Gru\u0308tz-Sebastian-23645154_692048-300x193.jpg\" class=\"attachment-medium size-medium\" alt=\"\" srcset=\"http:\/\/www.photofellowship.de\/wp-content\/uploads\/2014\/10\/Gru\u0308tz-Sebastian-23645154_692048-300x193.jpg 300w, http:\/\/www.photofellowship.de\/wp-content\/uploads\/2014\/10\/Gru\u0308tz-Sebastian-23645154_692048-1024x659.jpg 1024w, http:\/\/www.photofellowship.de\/wp-content\/uploads\/2014\/10\/Gru\u0308tz-Sebastian-23645154_692048.jpg 1253w\" sizes=\"auto, (max-width: 300px) 100vw, 300px\" \/><\/a>\n\t\t\t<\/div><\/figure>\n\t\t<\/div>\n\n","protected":false},"excerpt":{"rendered":"<p>Im Mai 2014 f\u00fchrte uns die &#8222;fotografische rotarische Linse&#8220; nach Kronach. Jedes findet in Kronach eine Stadtbeleuchtung bzw. Illumination der besonderen Art statt. Speziell in diesem Jahr wurde das Event &#8222;Kronach leuchtet&#8220; vom Rotary Club Kronach unterst\u00fctzt. Hier wurde die<\/p>\n","protected":false},"author":2,"featured_media":0,"comment_status":"closed","ping_status":"closed","sticky":false,"template":"","format":"standard","meta":{"footnotes":""},"categories":[4],"tags":[],"class_list":["post-159","post","type-post","status-publish","format-standard","hentry","category-berichte"],"_links":{"self":[{"href":"http:\/\/www.photofellowship.de\/index.php?rest_route=\/wp\/v2\/posts\/159","targetHints":{"allow":["GET"]}}],"collection":[{"href":"http:\/\/www.photofellowship.de\/index.php?rest_route=\/wp\/v2\/posts"}],"about":[{"href":"http:\/\/www.photofellowship.de\/index.php?rest_route=\/wp\/v2\/types\/post"}],"author":[{"embeddable":true,"href":"http:\/\/www.photofellowship.de\/index.php?rest_route=\/wp\/v2\/users\/2"}],"replies":[{"embeddable":true,"href":"http:\/\/www.photofellowship.de\/index.php?rest_route=%2Fwp%2Fv2%2Fcomments&post=159"}],"version-history":[{"count":4,"href":"http:\/\/www.photofellowship.de\/index.php?rest_route=\/wp\/v2\/posts\/159\/revisions"}],"predecessor-version":[{"id":209,"href":"http:\/\/www.photofellowship.de\/index.php?rest_route=\/wp\/v2\/posts\/159\/revisions\/209"}],"wp:attachment":[{"href":"http:\/\/www.photofellowship.de\/index.php?rest_route=%2Fwp%2Fv2%2Fmedia&parent=159"}],"wp:term":[{"taxonomy":"category","embeddable":true,"href":"http:\/\/www.photofellowship.de\/index.php?rest_route=%2Fwp%2Fv2%2Fcategories&post=159"},{"taxonomy":"post_tag","embeddable":true,"href":"http:\/\/www.photofellowship.de\/index.php?rest_route=%2Fwp%2Fv2%2Ftags&post=159"}],"curies":[{"name":"wp","href":"https:\/\/api.w.org\/{rel}","templated":true}]}}